{"id":1265,"date":"2022-06-21T11:05:53","date_gmt":"2022-06-21T09:05:53","guid":{"rendered":"http:\/\/info.elogit.no\/elogitt\/?p=1265"},"modified":"2022-06-21T20:24:52","modified_gmt":"2022-06-21T18:24:52","slug":"enighet-i-lo-nho-oppgjoret","status":"publish","type":"post","link":"https:\/\/info.elogit.no\/elogitt\/blog\/2022\/06\/21\/enighet-i-lo-nho-oppgjoret\/","title":{"rendered":"Enighet i LO\/NHO-oppgj\u00f8ret"},"content":{"rendered":"<div id=\"m3947\" class=\"module text\">\n<p class=\"bodytext\">Flertallet i forbundsstyret i EL og IT Forbundet har vedtatt \u00e5 anbefale medlemmene \u00e5 stemme ja i uravstemmingen. Protokollen mellom partene kan leses i <a href=\"https:\/\/elogitt.no\/uploads\/osCUmtub\/riksmeklingsmannens_m_tebok.pdf\" download=\"\" data-track-event=\"click\" data-track-action=\"file_download\">Riksmeklerens m\u00f8tebok<\/a>.<\/p>\n<p class=\"bodytext\">Hovedlinjene i oppgj\u00f8ret er l\u00f8nnstillegg p\u00e5 minst 1 kr. pr. time for alle, med et lavtl\u00f8nnstillegg p\u00e5 ytterligere kr. 2,50 pr. time. Avtaleomr\u00e5der som ikke har brukt rammen p\u00e5 0,30 kr til andre forhold, f\u00e5r dette i tillegg. Det betyr at for eksempel Landsoverenskomten for elektrofag f\u00e5r et tillegg p\u00e5 kr. 1,30.<\/p>\n<p>Flere av hullene som har fratatt de som har blitt syke og oppsagt retten til AFP blir tettet. Noe av dette f\u00f8lger av avtalen, mens andre forhold m\u00e5 utredes n\u00e6rmere.<br \/>\n<a href=\"https:\/\/frifagbevegelse.no\/nyheter\/to-viktige-endringer-gjor-at-flere-far-afp-6.158.539385.c11815968b\" target=\"_blank\" rel=\"noopener\" data-track-event=\"click\" data-track-action=\"link_clicked\">Les mer om dette her.<\/a><\/p>\n<p class=\"bodytext\">LO fikk ikke gjennomslag for beregning av OTP (obligatorisk tjenestepensjon) fra f\u00f8rste krone. Det betyr at det fortsatt blir innbetalt kun for \u00e5rsl\u00f8nn over 1 G (93.634,-).<\/p>\n<\/div>\n<div id=\"m1446\" class=\"module text\">\n<p class=\"bodytext\">Sluttvederlagsordningen omgj\u00f8res til en ordning for &#8220;sliterne&#8221;. De som ikke klarer \u00e5 st\u00e5 i arbeid til pensjonsalderen f\u00e5r et tillegg p\u00e5 maksimum 23.408 kr. pr. \u00e5r. Her er det begrensninger av bel\u00f8pet i forhold til b\u00e5de f\u00f8dsels\u00e5r og n\u00e5r man velger \u00e5 g\u00e5 av. <a href=\"https:\/\/frifagbevegelse.no\/magasinet-for-fagorganiserte\/sa-stort-blir-slitertillegget-i-privat-sektor-sjekk-hvem-som-far-det-6.158.539383.6d4574d561\" target=\"_blank\" rel=\"noopener\" data-track-event=\"click\" data-track-action=\"link_clicked\">Les om detaljene her.<\/a><\/p>\n<\/div>\n","protected":false},"excerpt":{"rendered":"<p>Flertallet i forbundsstyret i EL og IT Forbundet har vedtatt \u00e5 anbefale medlemmene \u00e5 stemme ja i uravstemmingen. Protokollen mellom partene kan leses i Riksmeklerens m\u00f8tebok. Hovedlinjene i oppgj\u00f8ret er l\u00f8nnstillegg p\u00e5 minst 1 kr. pr. time for alle, med et lavtl\u00f8nnstillegg p\u00e5 ytterligere kr. 2,50 pr. time. Avtaleomr\u00e5der som ikke har brukt rammen p\u00e5 [&hellip;]<\/p>\n","protected":false},"author":1,"featured_media":1363,"comment_status":"open","ping_status":"open","sticky":false,"template":"","format":"standard","meta":{"footnotes":""},"categories":[14],"tags":[],"maler":[],"class_list":["post-1265","post","type-post","status-publish","format-standard","has-post-thumbnail","hentry","category-nyhet"],"acf":[],"yoast_head":"<!-- This site is optimized with the Yoast SEO plugin v27.4 - https:\/\/yoast.com\/product\/yoast-seo-wordpress\/ -->\n<title>Enighet i LO\/NHO-oppgj\u00f8ret - EL og IT Tr\u00f8ndelag<\/title>\n<meta name=\"robots\" content=\"noindex, follow, max-snippet:-1, max-image-preview:large, max-video-preview:-1\" \/>\n<meta property=\"og:locale\" content=\"nb_NO\" \/>\n<meta property=\"og:type\" content=\"article\" \/>\n<meta property=\"og:title\" content=\"Enighet i LO\/NHO-oppgj\u00f8ret - EL og IT Tr\u00f8ndelag\" \/>\n<meta property=\"og:description\" content=\"Flertallet i forbundsstyret i EL og IT Forbundet har vedtatt \u00e5 anbefale medlemmene \u00e5 stemme ja i uravstemmingen. Protokollen mellom partene kan leses i Riksmeklerens m\u00f8tebok. Hovedlinjene i oppgj\u00f8ret er l\u00f8nnstillegg p\u00e5 minst 1 kr. pr. time for alle, med et lavtl\u00f8nnstillegg p\u00e5 ytterligere kr. 2,50 pr. time. Avtaleomr\u00e5der som ikke har brukt rammen p\u00e5 [&hellip;]\" \/>\n<meta property=\"og:url\" content=\"https:\/\/info.elogit.no\/elogitt\/blog\/2022\/06\/21\/enighet-i-lo-nho-oppgjoret\/\" \/>\n<meta property=\"og:site_name\" content=\"EL og IT Tr\u00f8ndelag\" \/>\n<meta property=\"article:published_time\" content=\"2022-06-21T09:05:53+00:00\" \/>\n<meta property=\"article:modified_time\" content=\"2022-06-21T18:24:52+00:00\" \/>\n<meta property=\"og:image\" content=\"http:\/\/info.elogit.no\/elogitt\/wp-content\/uploads\/sites\/8\/2022\/06\/LO_NHO.jpg\" \/>\n\t<meta property=\"og:image:width\" content=\"614\" \/>\n\t<meta property=\"og:image:height\" content=\"520\" \/>\n\t<meta property=\"og:image:type\" content=\"image\/jpeg\" \/>\n<meta name=\"author\" content=\"terje@kikkut.no\" \/>\n<meta name=\"twitter:card\" content=\"summary_large_image\" \/>\n<meta name=\"twitter:label1\" content=\"Skrevet av\" \/>\n\t<meta name=\"twitter:data1\" content=\"terje@kikkut.no\" \/>\n\t<meta name=\"twitter:label2\" content=\"Ansl. lesetid\" \/>\n\t<meta name=\"twitter:data2\" content=\"1 minutt\" \/>\n<script type=\"application\/ld+json\" class=\"yoast-schema-graph\">{\"@context\":\"https:\\\/\\\/schema.org\",\"@graph\":[{\"@type\":\"Article\",\"@id\":\"https:\\\/\\\/info.elogit.no\\\/elogitt\\\/blog\\\/2022\\\/06\\\/21\\\/enighet-i-lo-nho-oppgjoret\\\/#article\",\"isPartOf\":{\"@id\":\"https:\\\/\\\/info.elogit.no\\\/elogitt\\\/blog\\\/2022\\\/06\\\/21\\\/enighet-i-lo-nho-oppgjoret\\\/\"},\"author\":{\"name\":\"terje@kikkut.no\",\"@id\":\"https:\\\/\\\/info.elogit.no\\\/elogitt\\\/#\\\/schema\\\/person\\\/b2b9d5f59575edee90754d4e56dbcdb2\"},\"headline\":\"Enighet i LO\\\/NHO-oppgj\u00f8ret\",\"datePublished\":\"2022-06-21T09:05:53+00:00\",\"dateModified\":\"2022-06-21T18:24:52+00:00\",\"mainEntityOfPage\":{\"@id\":\"https:\\\/\\\/info.elogit.no\\\/elogitt\\\/blog\\\/2022\\\/06\\\/21\\\/enighet-i-lo-nho-oppgjoret\\\/\"},\"wordCount\":201,\"commentCount\":0,\"publisher\":{\"@id\":\"https:\\\/\\\/info.elogit.no\\\/elogitt\\\/#organization\"},\"image\":{\"@id\":\"https:\\\/\\\/info.elogit.no\\\/elogitt\\\/blog\\\/2022\\\/06\\\/21\\\/enighet-i-lo-nho-oppgjoret\\\/#primaryimage\"},\"thumbnailUrl\":\"https:\\\/\\\/info.elogit.no\\\/elogitt\\\/wp-content\\\/uploads\\\/sites\\\/8\\\/2022\\\/06\\\/LO_NHO.jpg\",\"articleSection\":[\"Nyhet\"],\"inLanguage\":\"nb-NO\",\"potentialAction\":[{\"@type\":\"CommentAction\",\"name\":\"Comment\",\"target\":[\"https:\\\/\\\/info.elogit.no\\\/elogitt\\\/blog\\\/2022\\\/06\\\/21\\\/enighet-i-lo-nho-oppgjoret\\\/#respond\"]}]},{\"@type\":\"WebPage\",\"@id\":\"https:\\\/\\\/info.elogit.no\\\/elogitt\\\/blog\\\/2022\\\/06\\\/21\\\/enighet-i-lo-nho-oppgjoret\\\/\",\"url\":\"https:\\\/\\\/info.elogit.no\\\/elogitt\\\/blog\\\/2022\\\/06\\\/21\\\/enighet-i-lo-nho-oppgjoret\\\/\",\"name\":\"Enighet i LO\\\/NHO-oppgj\u00f8ret - EL og IT Tr\u00f8ndelag\",\"isPartOf\":{\"@id\":\"https:\\\/\\\/info.elogit.no\\\/elogitt\\\/#website\"},\"primaryImageOfPage\":{\"@id\":\"https:\\\/\\\/info.elogit.no\\\/elogitt\\\/blog\\\/2022\\\/06\\\/21\\\/enighet-i-lo-nho-oppgjoret\\\/#primaryimage\"},\"image\":{\"@id\":\"https:\\\/\\\/info.elogit.no\\\/elogitt\\\/blog\\\/2022\\\/06\\\/21\\\/enighet-i-lo-nho-oppgjoret\\\/#primaryimage\"},\"thumbnailUrl\":\"https:\\\/\\\/info.elogit.no\\\/elogitt\\\/wp-content\\\/uploads\\\/sites\\\/8\\\/2022\\\/06\\\/LO_NHO.jpg\",\"datePublished\":\"2022-06-21T09:05:53+00:00\",\"dateModified\":\"2022-06-21T18:24:52+00:00\",\"breadcrumb\":{\"@id\":\"https:\\\/\\\/info.elogit.no\\\/elogitt\\\/blog\\\/2022\\\/06\\\/21\\\/enighet-i-lo-nho-oppgjoret\\\/#breadcrumb\"},\"inLanguage\":\"nb-NO\",\"potentialAction\":[{\"@type\":\"ReadAction\",\"target\":[\"https:\\\/\\\/info.elogit.no\\\/elogitt\\\/blog\\\/2022\\\/06\\\/21\\\/enighet-i-lo-nho-oppgjoret\\\/\"]}]},{\"@type\":\"ImageObject\",\"inLanguage\":\"nb-NO\",\"@id\":\"https:\\\/\\\/info.elogit.no\\\/elogitt\\\/blog\\\/2022\\\/06\\\/21\\\/enighet-i-lo-nho-oppgjoret\\\/#primaryimage\",\"url\":\"https:\\\/\\\/info.elogit.no\\\/elogitt\\\/wp-content\\\/uploads\\\/sites\\\/8\\\/2022\\\/06\\\/LO_NHO.jpg\",\"contentUrl\":\"https:\\\/\\\/info.elogit.no\\\/elogitt\\\/wp-content\\\/uploads\\\/sites\\\/8\\\/2022\\\/06\\\/LO_NHO.jpg\",\"width\":614,\"height\":520},{\"@type\":\"BreadcrumbList\",\"@id\":\"https:\\\/\\\/info.elogit.no\\\/elogitt\\\/blog\\\/2022\\\/06\\\/21\\\/enighet-i-lo-nho-oppgjoret\\\/#breadcrumb\",\"itemListElement\":[{\"@type\":\"ListItem\",\"position\":1,\"name\":\"Hjem\",\"item\":\"https:\\\/\\\/info.elogit.no\\\/elogitt\\\/\"},{\"@type\":\"ListItem\",\"position\":2,\"name\":\"Enighet i LO\\\/NHO-oppgj\u00f8ret\"}]},{\"@type\":\"WebSite\",\"@id\":\"https:\\\/\\\/info.elogit.no\\\/elogitt\\\/#website\",\"url\":\"https:\\\/\\\/info.elogit.no\\\/elogitt\\\/\",\"name\":\"EL og IT Tr\u00f8ndelag\",\"description\":\"Bare enda et WordPress-nettsted\",\"publisher\":{\"@id\":\"https:\\\/\\\/info.elogit.no\\\/elogitt\\\/#organization\"},\"potentialAction\":[{\"@type\":\"SearchAction\",\"target\":{\"@type\":\"EntryPoint\",\"urlTemplate\":\"https:\\\/\\\/info.elogit.no\\\/elogitt\\\/?s={search_term_string}\"},\"query-input\":{\"@type\":\"PropertyValueSpecification\",\"valueRequired\":true,\"valueName\":\"search_term_string\"}}],\"inLanguage\":\"nb-NO\"},{\"@type\":\"Organization\",\"@id\":\"https:\\\/\\\/info.elogit.no\\\/elogitt\\\/#organization\",\"name\":\"EL og IT Tr\u00f8ndelag\",\"url\":\"https:\\\/\\\/info.elogit.no\\\/elogitt\\\/\",\"logo\":{\"@type\":\"ImageObject\",\"inLanguage\":\"nb-NO\",\"@id\":\"https:\\\/\\\/info.elogit.no\\\/elogitt\\\/#\\\/schema\\\/logo\\\/image\\\/\",\"url\":\"https:\\\/\\\/info.elogit.no\\\/elogitt\\\/wp-content\\\/uploads\\\/sites\\\/8\\\/2022\\\/06\\\/cropped-elogit.png\",\"contentUrl\":\"https:\\\/\\\/info.elogit.no\\\/elogitt\\\/wp-content\\\/uploads\\\/sites\\\/8\\\/2022\\\/06\\\/cropped-elogit.png\",\"width\":274,\"height\":79,\"caption\":\"EL og IT Tr\u00f8ndelag\"},\"image\":{\"@id\":\"https:\\\/\\\/info.elogit.no\\\/elogitt\\\/#\\\/schema\\\/logo\\\/image\\\/\"}},{\"@type\":\"Person\",\"@id\":\"https:\\\/\\\/info.elogit.no\\\/elogitt\\\/#\\\/schema\\\/person\\\/b2b9d5f59575edee90754d4e56dbcdb2\",\"name\":\"terje@kikkut.no\",\"image\":{\"@type\":\"ImageObject\",\"inLanguage\":\"nb-NO\",\"@id\":\"https:\\\/\\\/secure.gravatar.com\\\/avatar\\\/f1ff46480b38cabe44f8336af68ce27e8263286acecff9982b2c9de75dbf79d9?s=96&d=mm&r=g\",\"url\":\"https:\\\/\\\/secure.gravatar.com\\\/avatar\\\/f1ff46480b38cabe44f8336af68ce27e8263286acecff9982b2c9de75dbf79d9?s=96&d=mm&r=g\",\"contentUrl\":\"https:\\\/\\\/secure.gravatar.com\\\/avatar\\\/f1ff46480b38cabe44f8336af68ce27e8263286acecff9982b2c9de75dbf79d9?s=96&d=mm&r=g\",\"caption\":\"terje@kikkut.no\"},\"sameAs\":[\"http:\\\/\\\/355804-multisite.web.tornado-node.net\"],\"url\":\"https:\\\/\\\/info.elogit.no\\\/elogitt\\\/blog\\\/author\\\/terjekikkut-no\\\/\"}]}<\/script>\n<!-- \/ Yoast SEO plugin. -->","yoast_head_json":{"title":"Enighet i LO\/NHO-oppgj\u00f8ret - EL og IT Tr\u00f8ndelag","robots":{"index":"noindex","follow":"follow","max-snippet":"max-snippet:-1","max-image-preview":"max-image-preview:large","max-video-preview":"max-video-preview:-1"},"og_locale":"nb_NO","og_type":"article","og_title":"Enighet i LO\/NHO-oppgj\u00f8ret - EL og IT Tr\u00f8ndelag","og_description":"Flertallet i forbundsstyret i EL og IT Forbundet har vedtatt \u00e5 anbefale medlemmene \u00e5 stemme ja i uravstemmingen. Protokollen mellom partene kan leses i Riksmeklerens m\u00f8tebok. Hovedlinjene i oppgj\u00f8ret er l\u00f8nnstillegg p\u00e5 minst 1 kr. pr. time for alle, med et lavtl\u00f8nnstillegg p\u00e5 ytterligere kr. 2,50 pr. time. Avtaleomr\u00e5der som ikke har brukt rammen p\u00e5 [&hellip;]","og_url":"https:\/\/info.elogit.no\/elogitt\/blog\/2022\/06\/21\/enighet-i-lo-nho-oppgjoret\/","og_site_name":"EL og IT Tr\u00f8ndelag","article_published_time":"2022-06-21T09:05:53+00:00","article_modified_time":"2022-06-21T18:24:52+00:00","og_image":[{"width":614,"height":520,"url":"http:\/\/info.elogit.no\/elogitt\/wp-content\/uploads\/sites\/8\/2022\/06\/LO_NHO.jpg","type":"image\/jpeg"}],"author":"terje@kikkut.no","twitter_card":"summary_large_image","twitter_misc":{"Skrevet av":"terje@kikkut.no","Ansl. lesetid":"1 minutt"},"schema":{"@context":"https:\/\/schema.org","@graph":[{"@type":"Article","@id":"https:\/\/info.elogit.no\/elogitt\/blog\/2022\/06\/21\/enighet-i-lo-nho-oppgjoret\/#article","isPartOf":{"@id":"https:\/\/info.elogit.no\/elogitt\/blog\/2022\/06\/21\/enighet-i-lo-nho-oppgjoret\/"},"author":{"name":"terje@kikkut.no","@id":"https:\/\/info.elogit.no\/elogitt\/#\/schema\/person\/b2b9d5f59575edee90754d4e56dbcdb2"},"headline":"Enighet i LO\/NHO-oppgj\u00f8ret","datePublished":"2022-06-21T09:05:53+00:00","dateModified":"2022-06-21T18:24:52+00:00","mainEntityOfPage":{"@id":"https:\/\/info.elogit.no\/elogitt\/blog\/2022\/06\/21\/enighet-i-lo-nho-oppgjoret\/"},"wordCount":201,"commentCount":0,"publisher":{"@id":"https:\/\/info.elogit.no\/elogitt\/#organization"},"image":{"@id":"https:\/\/info.elogit.no\/elogitt\/blog\/2022\/06\/21\/enighet-i-lo-nho-oppgjoret\/#primaryimage"},"thumbnailUrl":"https:\/\/info.elogit.no\/elogitt\/wp-content\/uploads\/sites\/8\/2022\/06\/LO_NHO.jpg","articleSection":["Nyhet"],"inLanguage":"nb-NO","potentialAction":[{"@type":"CommentAction","name":"Comment","target":["https:\/\/info.elogit.no\/elogitt\/blog\/2022\/06\/21\/enighet-i-lo-nho-oppgjoret\/#respond"]}]},{"@type":"WebPage","@id":"https:\/\/info.elogit.no\/elogitt\/blog\/2022\/06\/21\/enighet-i-lo-nho-oppgjoret\/","url":"https:\/\/info.elogit.no\/elogitt\/blog\/2022\/06\/21\/enighet-i-lo-nho-oppgjoret\/","name":"Enighet i LO\/NHO-oppgj\u00f8ret - EL og IT Tr\u00f8ndelag","isPartOf":{"@id":"https:\/\/info.elogit.no\/elogitt\/#website"},"primaryImageOfPage":{"@id":"https:\/\/info.elogit.no\/elogitt\/blog\/2022\/06\/21\/enighet-i-lo-nho-oppgjoret\/#primaryimage"},"image":{"@id":"https:\/\/info.elogit.no\/elogitt\/blog\/2022\/06\/21\/enighet-i-lo-nho-oppgjoret\/#primaryimage"},"thumbnailUrl":"https:\/\/info.elogit.no\/elogitt\/wp-content\/uploads\/sites\/8\/2022\/06\/LO_NHO.jpg","datePublished":"2022-06-21T09:05:53+00:00","dateModified":"2022-06-21T18:24:52+00:00","breadcrumb":{"@id":"https:\/\/info.elogit.no\/elogitt\/blog\/2022\/06\/21\/enighet-i-lo-nho-oppgjoret\/#breadcrumb"},"inLanguage":"nb-NO","potentialAction":[{"@type":"ReadAction","target":["https:\/\/info.elogit.no\/elogitt\/blog\/2022\/06\/21\/enighet-i-lo-nho-oppgjoret\/"]}]},{"@type":"ImageObject","inLanguage":"nb-NO","@id":"https:\/\/info.elogit.no\/elogitt\/blog\/2022\/06\/21\/enighet-i-lo-nho-oppgjoret\/#primaryimage","url":"https:\/\/info.elogit.no\/elogitt\/wp-content\/uploads\/sites\/8\/2022\/06\/LO_NHO.jpg","contentUrl":"https:\/\/info.elogit.no\/elogitt\/wp-content\/uploads\/sites\/8\/2022\/06\/LO_NHO.jpg","width":614,"height":520},{"@type":"BreadcrumbList","@id":"https:\/\/info.elogit.no\/elogitt\/blog\/2022\/06\/21\/enighet-i-lo-nho-oppgjoret\/#breadcrumb","itemListElement":[{"@type":"ListItem","position":1,"name":"Hjem","item":"https:\/\/info.elogit.no\/elogitt\/"},{"@type":"ListItem","position":2,"name":"Enighet i LO\/NHO-oppgj\u00f8ret"}]},{"@type":"WebSite","@id":"https:\/\/info.elogit.no\/elogitt\/#website","url":"https:\/\/info.elogit.no\/elogitt\/","name":"EL og IT Tr\u00f8ndelag","description":"Bare enda et WordPress-nettsted","publisher":{"@id":"https:\/\/info.elogit.no\/elogitt\/#organization"},"potentialAction":[{"@type":"SearchAction","target":{"@type":"EntryPoint","urlTemplate":"https:\/\/info.elogit.no\/elogitt\/?s={search_term_string}"},"query-input":{"@type":"PropertyValueSpecification","valueRequired":true,"valueName":"search_term_string"}}],"inLanguage":"nb-NO"},{"@type":"Organization","@id":"https:\/\/info.elogit.no\/elogitt\/#organization","name":"EL og IT Tr\u00f8ndelag","url":"https:\/\/info.elogit.no\/elogitt\/","logo":{"@type":"ImageObject","inLanguage":"nb-NO","@id":"https:\/\/info.elogit.no\/elogitt\/#\/schema\/logo\/image\/","url":"https:\/\/info.elogit.no\/elogitt\/wp-content\/uploads\/sites\/8\/2022\/06\/cropped-elogit.png","contentUrl":"https:\/\/info.elogit.no\/elogitt\/wp-content\/uploads\/sites\/8\/2022\/06\/cropped-elogit.png","width":274,"height":79,"caption":"EL og IT Tr\u00f8ndelag"},"image":{"@id":"https:\/\/info.elogit.no\/elogitt\/#\/schema\/logo\/image\/"}},{"@type":"Person","@id":"https:\/\/info.elogit.no\/elogitt\/#\/schema\/person\/b2b9d5f59575edee90754d4e56dbcdb2","name":"terje@kikkut.no","image":{"@type":"ImageObject","inLanguage":"nb-NO","@id":"https:\/\/secure.gravatar.com\/avatar\/f1ff46480b38cabe44f8336af68ce27e8263286acecff9982b2c9de75dbf79d9?s=96&d=mm&r=g","url":"https:\/\/secure.gravatar.com\/avatar\/f1ff46480b38cabe44f8336af68ce27e8263286acecff9982b2c9de75dbf79d9?s=96&d=mm&r=g","contentUrl":"https:\/\/secure.gravatar.com\/avatar\/f1ff46480b38cabe44f8336af68ce27e8263286acecff9982b2c9de75dbf79d9?s=96&d=mm&r=g","caption":"terje@kikkut.no"},"sameAs":["http:\/\/355804-multisite.web.tornado-node.net"],"url":"https:\/\/info.elogit.no\/elogitt\/blog\/author\/terjekikkut-no\/"}]}},"_links":{"self":[{"href":"https:\/\/info.elogit.no\/elogitt\/wp-json\/wp\/v2\/posts\/1265","targetHints":{"allow":["GET"]}}],"collection":[{"href":"https:\/\/info.elogit.no\/elogitt\/wp-json\/wp\/v2\/posts"}],"about":[{"href":"https:\/\/info.elogit.no\/elogitt\/wp-json\/wp\/v2\/types\/post"}],"author":[{"embeddable":true,"href":"https:\/\/info.elogit.no\/elogitt\/wp-json\/wp\/v2\/users\/1"}],"replies":[{"embeddable":true,"href":"https:\/\/info.elogit.no\/elogitt\/wp-json\/wp\/v2\/comments?post=1265"}],"version-history":[{"count":2,"href":"https:\/\/info.elogit.no\/elogitt\/wp-json\/wp\/v2\/posts\/1265\/revisions"}],"predecessor-version":[{"id":1364,"href":"https:\/\/info.elogit.no\/elogitt\/wp-json\/wp\/v2\/posts\/1265\/revisions\/1364"}],"wp:featuredmedia":[{"embeddable":true,"href":"https:\/\/info.elogit.no\/elogitt\/wp-json\/wp\/v2\/media\/1363"}],"wp:attachment":[{"href":"https:\/\/info.elogit.no\/elogitt\/wp-json\/wp\/v2\/media?parent=1265"}],"wp:term":[{"taxonomy":"category","embeddable":true,"href":"https:\/\/info.elogit.no\/elogitt\/wp-json\/wp\/v2\/categories?post=1265"},{"taxonomy":"post_tag","embeddable":true,"href":"https:\/\/info.elogit.no\/elogitt\/wp-json\/wp\/v2\/tags?post=1265"},{"taxonomy":"maler","embeddable":true,"href":"https:\/\/info.elogit.no\/elogitt\/wp-json\/wp\/v2\/maler?post=1265"}],"curies":[{"name":"wp","href":"https:\/\/api.w.org\/{rel}","templated":true}]}}