{"id":1263,"date":"2022-06-21T11:04:51","date_gmt":"2022-06-21T09:04:51","guid":{"rendered":"http:\/\/info.elogit.no\/elogitt\/?p=1263"},"modified":"2022-06-21T20:26:14","modified_gmt":"2022-06-21T18:26:14","slug":"landsstyret-vil-prioritere-afp-i-et-samordnet-oppgjor","status":"publish","type":"post","link":"https:\/\/info.elogit.no\/elogitt\/blog\/2022\/06\/21\/landsstyret-vil-prioritere-afp-i-et-samordnet-oppgjor\/","title":{"rendered":"Landsstyret vil prioritere AFP i et samordnet oppgj\u00f8r"},"content":{"rendered":"<p class=\"bodytext\">Landsstyret i EL og IT Forbundet vedtok 7. desember \u00e5 kreve at tariffoppgj\u00f8ret i 2018 gjennomf\u00f8res samordnet. Leder i LO, Hans Christian Gabrielsen, innledet dagen f\u00f8r til debatten, og han fikk med seg en hilsen fra forbundsleder Jan Olav Andersen om at<\/p>\n<p class=\"bodytext\">EL og IT Forbundet stiller seg sv\u00e6rt positive til \u00e5 delta aktivt i en kamp for en forbedret AFP.<\/p>\n<p class=\"bodytext\">Det er et utbredt \u00f8nske i forbundet om at vi vil v\u00e6re med og holde ei hand p\u00e5 rattet n\u00e5r kravene skal utformes og ved gjennomf\u00f8ringen av forhandlingene og en eventuell arbeidskamp.<\/p>\n<p class=\"bodytext\">Selv om enkelte \u00f8nsket \u00e5 prioritere andre saker gjennom et forbundsvist oppgj\u00f8r, var det aldri tvil om at det store flertallet i landsstyret gikk for en samordning av hele LO i tariffoppgj\u00f8ret. I tillegg til AFP ble det vedtatt at det andre hovedkravet m\u00e5tte v\u00e6re forbud mot innleie fra bemanningsbransjen.<\/p>\n<p class=\"bodytext\">LOs representantskap 27. februar avgj\u00f8r oppgj\u00f8rsformen.<\/p>\n<p class=\"bodytext\"><a href=\"http:\/\/www.elogit.no\/tariffpolitisk-uttalelse-2018\" target=\"_blank\" rel=\"noopener\" data-track-event=\"click\" data-track-action=\"link_clicked\">Hele uttalelsen kan leses p\u00e5 forbundets hjemmeside.<\/a><\/p>\n","protected":false},"excerpt":{"rendered":"<p>Landsstyret i EL og IT Forbundet vedtok 7. desember \u00e5 kreve at tariffoppgj\u00f8ret i 2018 gjennomf\u00f8res samordnet. Leder i LO, Hans Christian Gabrielsen, innledet dagen f\u00f8r til debatten, og han fikk med seg en hilsen fra forbundsleder Jan Olav Andersen om at EL og IT Forbundet stiller seg sv\u00e6rt positive til \u00e5 delta aktivt i [&hellip;]<\/p>\n","protected":false},"author":1,"featured_media":1365,"comment_status":"open","ping_status":"open","sticky":false,"template":"","format":"standard","meta":{"footnotes":""},"categories":[1],"tags":[],"maler":[],"class_list":["post-1263","post","type-post","status-publish","format-standard","has-post-thumbnail","hentry","category-ukategorisert"],"acf":[],"yoast_head":"<!-- This site is optimized with the Yoast SEO plugin v27.4 - https:\/\/yoast.com\/product\/yoast-seo-wordpress\/ -->\n<title>Landsstyret vil prioritere AFP i et samordnet oppgj\u00f8r - EL og IT Tr\u00f8ndelag<\/title>\n<meta name=\"robots\" content=\"noindex, follow, max-snippet:-1, max-image-preview:large, max-video-preview:-1\" \/>\n<meta property=\"og:locale\" content=\"nb_NO\" \/>\n<meta property=\"og:type\" content=\"article\" \/>\n<meta property=\"og:title\" content=\"Landsstyret vil prioritere AFP i et samordnet oppgj\u00f8r - EL og IT Tr\u00f8ndelag\" \/>\n<meta property=\"og:description\" content=\"Landsstyret i EL og IT Forbundet vedtok 7. desember \u00e5 kreve at tariffoppgj\u00f8ret i 2018 gjennomf\u00f8res samordnet. Leder i LO, Hans Christian Gabrielsen, innledet dagen f\u00f8r til debatten, og han fikk med seg en hilsen fra forbundsleder Jan Olav Andersen om at EL og IT Forbundet stiller seg sv\u00e6rt positive til \u00e5 delta aktivt i [&hellip;]\" \/>\n<meta property=\"og:url\" content=\"https:\/\/info.elogit.no\/elogitt\/blog\/2022\/06\/21\/landsstyret-vil-prioritere-afp-i-et-samordnet-oppgjor\/\" \/>\n<meta property=\"og:site_name\" content=\"EL og IT Tr\u00f8ndelag\" \/>\n<meta property=\"article:published_time\" content=\"2022-06-21T09:04:51+00:00\" \/>\n<meta property=\"article:modified_time\" content=\"2022-06-21T18:26:14+00:00\" \/>\n<meta property=\"og:image\" content=\"http:\/\/info.elogit.no\/elogitt\/wp-content\/uploads\/sites\/8\/2022\/06\/rettferdig.jpg\" \/>\n\t<meta property=\"og:image:width\" content=\"564\" \/>\n\t<meta property=\"og:image:height\" content=\"574\" \/>\n\t<meta property=\"og:image:type\" content=\"image\/jpeg\" \/>\n<meta name=\"author\" content=\"terje@kikkut.no\" \/>\n<meta name=\"twitter:card\" content=\"summary_large_image\" \/>\n<meta name=\"twitter:label1\" content=\"Skrevet av\" \/>\n\t<meta name=\"twitter:data1\" content=\"terje@kikkut.no\" \/>\n\t<meta name=\"twitter:label2\" content=\"Ansl. lesetid\" \/>\n\t<meta name=\"twitter:data2\" content=\"1 minutt\" \/>\n<script type=\"application\/ld+json\" class=\"yoast-schema-graph\">{\"@context\":\"https:\\\/\\\/schema.org\",\"@graph\":[{\"@type\":\"Article\",\"@id\":\"https:\\\/\\\/info.elogit.no\\\/elogitt\\\/blog\\\/2022\\\/06\\\/21\\\/landsstyret-vil-prioritere-afp-i-et-samordnet-oppgjor\\\/#article\",\"isPartOf\":{\"@id\":\"https:\\\/\\\/info.elogit.no\\\/elogitt\\\/blog\\\/2022\\\/06\\\/21\\\/landsstyret-vil-prioritere-afp-i-et-samordnet-oppgjor\\\/\"},\"author\":{\"name\":\"terje@kikkut.no\",\"@id\":\"https:\\\/\\\/info.elogit.no\\\/elogitt\\\/#\\\/schema\\\/person\\\/b2b9d5f59575edee90754d4e56dbcdb2\"},\"headline\":\"Landsstyret vil prioritere AFP i et samordnet oppgj\u00f8r\",\"datePublished\":\"2022-06-21T09:04:51+00:00\",\"dateModified\":\"2022-06-21T18:26:14+00:00\",\"mainEntityOfPage\":{\"@id\":\"https:\\\/\\\/info.elogit.no\\\/elogitt\\\/blog\\\/2022\\\/06\\\/21\\\/landsstyret-vil-prioritere-afp-i-et-samordnet-oppgjor\\\/\"},\"wordCount\":172,\"commentCount\":0,\"publisher\":{\"@id\":\"https:\\\/\\\/info.elogit.no\\\/elogitt\\\/#organization\"},\"image\":{\"@id\":\"https:\\\/\\\/info.elogit.no\\\/elogitt\\\/blog\\\/2022\\\/06\\\/21\\\/landsstyret-vil-prioritere-afp-i-et-samordnet-oppgjor\\\/#primaryimage\"},\"thumbnailUrl\":\"https:\\\/\\\/info.elogit.no\\\/elogitt\\\/wp-content\\\/uploads\\\/sites\\\/8\\\/2022\\\/06\\\/rettferdig.jpg\",\"inLanguage\":\"nb-NO\",\"potentialAction\":[{\"@type\":\"CommentAction\",\"name\":\"Comment\",\"target\":[\"https:\\\/\\\/info.elogit.no\\\/elogitt\\\/blog\\\/2022\\\/06\\\/21\\\/landsstyret-vil-prioritere-afp-i-et-samordnet-oppgjor\\\/#respond\"]}]},{\"@type\":\"WebPage\",\"@id\":\"https:\\\/\\\/info.elogit.no\\\/elogitt\\\/blog\\\/2022\\\/06\\\/21\\\/landsstyret-vil-prioritere-afp-i-et-samordnet-oppgjor\\\/\",\"url\":\"https:\\\/\\\/info.elogit.no\\\/elogitt\\\/blog\\\/2022\\\/06\\\/21\\\/landsstyret-vil-prioritere-afp-i-et-samordnet-oppgjor\\\/\",\"name\":\"Landsstyret vil prioritere AFP i et samordnet oppgj\u00f8r - EL og IT Tr\u00f8ndelag\",\"isPartOf\":{\"@id\":\"https:\\\/\\\/info.elogit.no\\\/elogitt\\\/#website\"},\"primaryImageOfPage\":{\"@id\":\"https:\\\/\\\/info.elogit.no\\\/elogitt\\\/blog\\\/2022\\\/06\\\/21\\\/landsstyret-vil-prioritere-afp-i-et-samordnet-oppgjor\\\/#primaryimage\"},\"image\":{\"@id\":\"https:\\\/\\\/info.elogit.no\\\/elogitt\\\/blog\\\/2022\\\/06\\\/21\\\/landsstyret-vil-prioritere-afp-i-et-samordnet-oppgjor\\\/#primaryimage\"},\"thumbnailUrl\":\"https:\\\/\\\/info.elogit.no\\\/elogitt\\\/wp-content\\\/uploads\\\/sites\\\/8\\\/2022\\\/06\\\/rettferdig.jpg\",\"datePublished\":\"2022-06-21T09:04:51+00:00\",\"dateModified\":\"2022-06-21T18:26:14+00:00\",\"breadcrumb\":{\"@id\":\"https:\\\/\\\/info.elogit.no\\\/elogitt\\\/blog\\\/2022\\\/06\\\/21\\\/landsstyret-vil-prioritere-afp-i-et-samordnet-oppgjor\\\/#breadcrumb\"},\"inLanguage\":\"nb-NO\",\"potentialAction\":[{\"@type\":\"ReadAction\",\"target\":[\"https:\\\/\\\/info.elogit.no\\\/elogitt\\\/blog\\\/2022\\\/06\\\/21\\\/landsstyret-vil-prioritere-afp-i-et-samordnet-oppgjor\\\/\"]}]},{\"@type\":\"ImageObject\",\"inLanguage\":\"nb-NO\",\"@id\":\"https:\\\/\\\/info.elogit.no\\\/elogitt\\\/blog\\\/2022\\\/06\\\/21\\\/landsstyret-vil-prioritere-afp-i-et-samordnet-oppgjor\\\/#primaryimage\",\"url\":\"https:\\\/\\\/info.elogit.no\\\/elogitt\\\/wp-content\\\/uploads\\\/sites\\\/8\\\/2022\\\/06\\\/rettferdig.jpg\",\"contentUrl\":\"https:\\\/\\\/info.elogit.no\\\/elogitt\\\/wp-content\\\/uploads\\\/sites\\\/8\\\/2022\\\/06\\\/rettferdig.jpg\",\"width\":564,\"height\":574},{\"@type\":\"BreadcrumbList\",\"@id\":\"https:\\\/\\\/info.elogit.no\\\/elogitt\\\/blog\\\/2022\\\/06\\\/21\\\/landsstyret-vil-prioritere-afp-i-et-samordnet-oppgjor\\\/#breadcrumb\",\"itemListElement\":[{\"@type\":\"ListItem\",\"position\":1,\"name\":\"Hjem\",\"item\":\"https:\\\/\\\/info.elogit.no\\\/elogitt\\\/\"},{\"@type\":\"ListItem\",\"position\":2,\"name\":\"Landsstyret vil prioritere AFP i et samordnet oppgj\u00f8r\"}]},{\"@type\":\"WebSite\",\"@id\":\"https:\\\/\\\/info.elogit.no\\\/elogitt\\\/#website\",\"url\":\"https:\\\/\\\/info.elogit.no\\\/elogitt\\\/\",\"name\":\"EL og IT Tr\u00f8ndelag\",\"description\":\"Bare enda et WordPress-nettsted\",\"publisher\":{\"@id\":\"https:\\\/\\\/info.elogit.no\\\/elogitt\\\/#organization\"},\"potentialAction\":[{\"@type\":\"SearchAction\",\"target\":{\"@type\":\"EntryPoint\",\"urlTemplate\":\"https:\\\/\\\/info.elogit.no\\\/elogitt\\\/?s={search_term_string}\"},\"query-input\":{\"@type\":\"PropertyValueSpecification\",\"valueRequired\":true,\"valueName\":\"search_term_string\"}}],\"inLanguage\":\"nb-NO\"},{\"@type\":\"Organization\",\"@id\":\"https:\\\/\\\/info.elogit.no\\\/elogitt\\\/#organization\",\"name\":\"EL og IT Tr\u00f8ndelag\",\"url\":\"https:\\\/\\\/info.elogit.no\\\/elogitt\\\/\",\"logo\":{\"@type\":\"ImageObject\",\"inLanguage\":\"nb-NO\",\"@id\":\"https:\\\/\\\/info.elogit.no\\\/elogitt\\\/#\\\/schema\\\/logo\\\/image\\\/\",\"url\":\"https:\\\/\\\/info.elogit.no\\\/elogitt\\\/wp-content\\\/uploads\\\/sites\\\/8\\\/2022\\\/06\\\/cropped-elogit.png\",\"contentUrl\":\"https:\\\/\\\/info.elogit.no\\\/elogitt\\\/wp-content\\\/uploads\\\/sites\\\/8\\\/2022\\\/06\\\/cropped-elogit.png\",\"width\":274,\"height\":79,\"caption\":\"EL og IT Tr\u00f8ndelag\"},\"image\":{\"@id\":\"https:\\\/\\\/info.elogit.no\\\/elogitt\\\/#\\\/schema\\\/logo\\\/image\\\/\"}},{\"@type\":\"Person\",\"@id\":\"https:\\\/\\\/info.elogit.no\\\/elogitt\\\/#\\\/schema\\\/person\\\/b2b9d5f59575edee90754d4e56dbcdb2\",\"name\":\"terje@kikkut.no\",\"image\":{\"@type\":\"ImageObject\",\"inLanguage\":\"nb-NO\",\"@id\":\"https:\\\/\\\/secure.gravatar.com\\\/avatar\\\/f1ff46480b38cabe44f8336af68ce27e8263286acecff9982b2c9de75dbf79d9?s=96&d=mm&r=g\",\"url\":\"https:\\\/\\\/secure.gravatar.com\\\/avatar\\\/f1ff46480b38cabe44f8336af68ce27e8263286acecff9982b2c9de75dbf79d9?s=96&d=mm&r=g\",\"contentUrl\":\"https:\\\/\\\/secure.gravatar.com\\\/avatar\\\/f1ff46480b38cabe44f8336af68ce27e8263286acecff9982b2c9de75dbf79d9?s=96&d=mm&r=g\",\"caption\":\"terje@kikkut.no\"},\"sameAs\":[\"http:\\\/\\\/355804-multisite.web.tornado-node.net\"],\"url\":\"https:\\\/\\\/info.elogit.no\\\/elogitt\\\/blog\\\/author\\\/terjekikkut-no\\\/\"}]}<\/script>\n<!-- \/ Yoast SEO plugin. -->","yoast_head_json":{"title":"Landsstyret vil prioritere AFP i et samordnet oppgj\u00f8r - EL og IT Tr\u00f8ndelag","robots":{"index":"noindex","follow":"follow","max-snippet":"max-snippet:-1","max-image-preview":"max-image-preview:large","max-video-preview":"max-video-preview:-1"},"og_locale":"nb_NO","og_type":"article","og_title":"Landsstyret vil prioritere AFP i et samordnet oppgj\u00f8r - EL og IT Tr\u00f8ndelag","og_description":"Landsstyret i EL og IT Forbundet vedtok 7. desember \u00e5 kreve at tariffoppgj\u00f8ret i 2018 gjennomf\u00f8res samordnet. Leder i LO, Hans Christian Gabrielsen, innledet dagen f\u00f8r til debatten, og han fikk med seg en hilsen fra forbundsleder Jan Olav Andersen om at EL og IT Forbundet stiller seg sv\u00e6rt positive til \u00e5 delta aktivt i [&hellip;]","og_url":"https:\/\/info.elogit.no\/elogitt\/blog\/2022\/06\/21\/landsstyret-vil-prioritere-afp-i-et-samordnet-oppgjor\/","og_site_name":"EL og IT Tr\u00f8ndelag","article_published_time":"2022-06-21T09:04:51+00:00","article_modified_time":"2022-06-21T18:26:14+00:00","og_image":[{"width":564,"height":574,"url":"http:\/\/info.elogit.no\/elogitt\/wp-content\/uploads\/sites\/8\/2022\/06\/rettferdig.jpg","type":"image\/jpeg"}],"author":"terje@kikkut.no","twitter_card":"summary_large_image","twitter_misc":{"Skrevet av":"terje@kikkut.no","Ansl. lesetid":"1 minutt"},"schema":{"@context":"https:\/\/schema.org","@graph":[{"@type":"Article","@id":"https:\/\/info.elogit.no\/elogitt\/blog\/2022\/06\/21\/landsstyret-vil-prioritere-afp-i-et-samordnet-oppgjor\/#article","isPartOf":{"@id":"https:\/\/info.elogit.no\/elogitt\/blog\/2022\/06\/21\/landsstyret-vil-prioritere-afp-i-et-samordnet-oppgjor\/"},"author":{"name":"terje@kikkut.no","@id":"https:\/\/info.elogit.no\/elogitt\/#\/schema\/person\/b2b9d5f59575edee90754d4e56dbcdb2"},"headline":"Landsstyret vil prioritere AFP i et samordnet oppgj\u00f8r","datePublished":"2022-06-21T09:04:51+00:00","dateModified":"2022-06-21T18:26:14+00:00","mainEntityOfPage":{"@id":"https:\/\/info.elogit.no\/elogitt\/blog\/2022\/06\/21\/landsstyret-vil-prioritere-afp-i-et-samordnet-oppgjor\/"},"wordCount":172,"commentCount":0,"publisher":{"@id":"https:\/\/info.elogit.no\/elogitt\/#organization"},"image":{"@id":"https:\/\/info.elogit.no\/elogitt\/blog\/2022\/06\/21\/landsstyret-vil-prioritere-afp-i-et-samordnet-oppgjor\/#primaryimage"},"thumbnailUrl":"https:\/\/info.elogit.no\/elogitt\/wp-content\/uploads\/sites\/8\/2022\/06\/rettferdig.jpg","inLanguage":"nb-NO","potentialAction":[{"@type":"CommentAction","name":"Comment","target":["https:\/\/info.elogit.no\/elogitt\/blog\/2022\/06\/21\/landsstyret-vil-prioritere-afp-i-et-samordnet-oppgjor\/#respond"]}]},{"@type":"WebPage","@id":"https:\/\/info.elogit.no\/elogitt\/blog\/2022\/06\/21\/landsstyret-vil-prioritere-afp-i-et-samordnet-oppgjor\/","url":"https:\/\/info.elogit.no\/elogitt\/blog\/2022\/06\/21\/landsstyret-vil-prioritere-afp-i-et-samordnet-oppgjor\/","name":"Landsstyret vil prioritere AFP i et samordnet oppgj\u00f8r - EL og IT Tr\u00f8ndelag","isPartOf":{"@id":"https:\/\/info.elogit.no\/elogitt\/#website"},"primaryImageOfPage":{"@id":"https:\/\/info.elogit.no\/elogitt\/blog\/2022\/06\/21\/landsstyret-vil-prioritere-afp-i-et-samordnet-oppgjor\/#primaryimage"},"image":{"@id":"https:\/\/info.elogit.no\/elogitt\/blog\/2022\/06\/21\/landsstyret-vil-prioritere-afp-i-et-samordnet-oppgjor\/#primaryimage"},"thumbnailUrl":"https:\/\/info.elogit.no\/elogitt\/wp-content\/uploads\/sites\/8\/2022\/06\/rettferdig.jpg","datePublished":"2022-06-21T09:04:51+00:00","dateModified":"2022-06-21T18:26:14+00:00","breadcrumb":{"@id":"https:\/\/info.elogit.no\/elogitt\/blog\/2022\/06\/21\/landsstyret-vil-prioritere-afp-i-et-samordnet-oppgjor\/#breadcrumb"},"inLanguage":"nb-NO","potentialAction":[{"@type":"ReadAction","target":["https:\/\/info.elogit.no\/elogitt\/blog\/2022\/06\/21\/landsstyret-vil-prioritere-afp-i-et-samordnet-oppgjor\/"]}]},{"@type":"ImageObject","inLanguage":"nb-NO","@id":"https:\/\/info.elogit.no\/elogitt\/blog\/2022\/06\/21\/landsstyret-vil-prioritere-afp-i-et-samordnet-oppgjor\/#primaryimage","url":"https:\/\/info.elogit.no\/elogitt\/wp-content\/uploads\/sites\/8\/2022\/06\/rettferdig.jpg","contentUrl":"https:\/\/info.elogit.no\/elogitt\/wp-content\/uploads\/sites\/8\/2022\/06\/rettferdig.jpg","width":564,"height":574},{"@type":"BreadcrumbList","@id":"https:\/\/info.elogit.no\/elogitt\/blog\/2022\/06\/21\/landsstyret-vil-prioritere-afp-i-et-samordnet-oppgjor\/#breadcrumb","itemListElement":[{"@type":"ListItem","position":1,"name":"Hjem","item":"https:\/\/info.elogit.no\/elogitt\/"},{"@type":"ListItem","position":2,"name":"Landsstyret vil prioritere AFP i et samordnet oppgj\u00f8r"}]},{"@type":"WebSite","@id":"https:\/\/info.elogit.no\/elogitt\/#website","url":"https:\/\/info.elogit.no\/elogitt\/","name":"EL og IT Tr\u00f8ndelag","description":"Bare enda et WordPress-nettsted","publisher":{"@id":"https:\/\/info.elogit.no\/elogitt\/#organization"},"potentialAction":[{"@type":"SearchAction","target":{"@type":"EntryPoint","urlTemplate":"https:\/\/info.elogit.no\/elogitt\/?s={search_term_string}"},"query-input":{"@type":"PropertyValueSpecification","valueRequired":true,"valueName":"search_term_string"}}],"inLanguage":"nb-NO"},{"@type":"Organization","@id":"https:\/\/info.elogit.no\/elogitt\/#organization","name":"EL og IT Tr\u00f8ndelag","url":"https:\/\/info.elogit.no\/elogitt\/","logo":{"@type":"ImageObject","inLanguage":"nb-NO","@id":"https:\/\/info.elogit.no\/elogitt\/#\/schema\/logo\/image\/","url":"https:\/\/info.elogit.no\/elogitt\/wp-content\/uploads\/sites\/8\/2022\/06\/cropped-elogit.png","contentUrl":"https:\/\/info.elogit.no\/elogitt\/wp-content\/uploads\/sites\/8\/2022\/06\/cropped-elogit.png","width":274,"height":79,"caption":"EL og IT Tr\u00f8ndelag"},"image":{"@id":"https:\/\/info.elogit.no\/elogitt\/#\/schema\/logo\/image\/"}},{"@type":"Person","@id":"https:\/\/info.elogit.no\/elogitt\/#\/schema\/person\/b2b9d5f59575edee90754d4e56dbcdb2","name":"terje@kikkut.no","image":{"@type":"ImageObject","inLanguage":"nb-NO","@id":"https:\/\/secure.gravatar.com\/avatar\/f1ff46480b38cabe44f8336af68ce27e8263286acecff9982b2c9de75dbf79d9?s=96&d=mm&r=g","url":"https:\/\/secure.gravatar.com\/avatar\/f1ff46480b38cabe44f8336af68ce27e8263286acecff9982b2c9de75dbf79d9?s=96&d=mm&r=g","contentUrl":"https:\/\/secure.gravatar.com\/avatar\/f1ff46480b38cabe44f8336af68ce27e8263286acecff9982b2c9de75dbf79d9?s=96&d=mm&r=g","caption":"terje@kikkut.no"},"sameAs":["http:\/\/355804-multisite.web.tornado-node.net"],"url":"https:\/\/info.elogit.no\/elogitt\/blog\/author\/terjekikkut-no\/"}]}},"_links":{"self":[{"href":"https:\/\/info.elogit.no\/elogitt\/wp-json\/wp\/v2\/posts\/1263","targetHints":{"allow":["GET"]}}],"collection":[{"href":"https:\/\/info.elogit.no\/elogitt\/wp-json\/wp\/v2\/posts"}],"about":[{"href":"https:\/\/info.elogit.no\/elogitt\/wp-json\/wp\/v2\/types\/post"}],"author":[{"embeddable":true,"href":"https:\/\/info.elogit.no\/elogitt\/wp-json\/wp\/v2\/users\/1"}],"replies":[{"embeddable":true,"href":"https:\/\/info.elogit.no\/elogitt\/wp-json\/wp\/v2\/comments?post=1263"}],"version-history":[{"count":1,"href":"https:\/\/info.elogit.no\/elogitt\/wp-json\/wp\/v2\/posts\/1263\/revisions"}],"predecessor-version":[{"id":1264,"href":"https:\/\/info.elogit.no\/elogitt\/wp-json\/wp\/v2\/posts\/1263\/revisions\/1264"}],"wp:featuredmedia":[{"embeddable":true,"href":"https:\/\/info.elogit.no\/elogitt\/wp-json\/wp\/v2\/media\/1365"}],"wp:attachment":[{"href":"https:\/\/info.elogit.no\/elogitt\/wp-json\/wp\/v2\/media?parent=1263"}],"wp:term":[{"taxonomy":"category","embeddable":true,"href":"https:\/\/info.elogit.no\/elogitt\/wp-json\/wp\/v2\/categories?post=1263"},{"taxonomy":"post_tag","embeddable":true,"href":"https:\/\/info.elogit.no\/elogitt\/wp-json\/wp\/v2\/tags?post=1263"},{"taxonomy":"maler","embeddable":true,"href":"https:\/\/info.elogit.no\/elogitt\/wp-json\/wp\/v2\/maler?post=1263"}],"curies":[{"name":"wp","href":"https:\/\/api.w.org\/{rel}","templated":true}]}}