{"id":1260,"date":"2022-06-21T11:03:10","date_gmt":"2022-06-21T09:03:10","guid":{"rendered":"http:\/\/info.elogit.no\/elogitt\/?p=1260"},"modified":"2022-06-21T20:26:49","modified_gmt":"2022-06-21T18:26:49","slug":"krav-om-samordnet-tariffoppgjor","status":"publish","type":"post","link":"https:\/\/info.elogit.no\/elogitt\/blog\/2022\/06\/21\/krav-om-samordnet-tariffoppgjor\/","title":{"rendered":"Krav om samordnet tariffoppgj\u00f8r"},"content":{"rendered":"<div id=\"c2333\" class=\"col col-md-6 col-sm-12\">\n<div id=\"m7033\" class=\"module text\">\n<p class=\"bodytext\">Innf\u00f8ring av levealdersjustering og indeksering har f\u00f8rt til at de som er unge i dag m\u00e5 arbeide til de er godt over 70 \u00e5r om de skal ha h\u00e5p om \u00e5 f\u00e5 en pensjon \u00e5 leve av. Avtalefestet pensjon (AFP) har g\u00e5tt fra \u00e5 v\u00e6re en mulighet til \u00e5 g\u00e5 av tidligere for sliterne, til \u00e5 bli en tilleggspensjon for alle.<\/p>\n<p class=\"bodytext\">De som m\u00e5 avslutte arbeidslivet tidligere p\u00e5 grunn av helsa blir hardt straffet.<\/p>\n<\/div>\n<\/div>\n<div class=\"col col-sm-12 col-md-12\">\n<div id=\"m2608\" class=\"module text\">\n<h2 class=\"subtitle\">Enstemmig vedtak i representantskapet.<\/h2>\n<p class=\"bodytext\">P\u00e5 representantskapsm\u00f8te i EL og IT Forbundet Distrikt Tr\u00f8ndelag 21. november ble f\u00f8lgende uttalelse enstemmig vedtatt:<\/p>\n<p class=\"bodytext\">EN FORBEDRET AFP-ORDNING M\u00c5 SIKRES GJENNOM ET SAMORDNET OPPGJ\u00d8R<\/p>\n<p class=\"bodytext\">Representantskapsm\u00f8tet i EL og IT Forbundet Distrikt Tr\u00f8ndelag mener at tariffoppgj\u00f8ret 2018 m\u00e5 gjennomf\u00f8res samordnet, for \u00e5 forbedre AFP-ordningen i privat sektor.<\/p>\n<p class=\"bodytext\">Vi m\u00e5 \u00abtette hullene\u00bb som gj\u00f8r at flere faller utenfor ordningen, og pensjonsniv\u00e5et for de som m\u00e5 gi seg tidlig m\u00e5 heves.<br \/>\nF\u00f8lgende punkter m\u00e5 prioriteres:<\/p>\n<ul>\n<li class=\"bodytext\">oppsatte AFP-rettigheter skal beholdes slik at AFP kan tas ut fra fylte 62 \u00e5r, uten krav til ansettelsesforhold i en AFP-bedrift p\u00e5 uttakstidspunktet.<\/li>\n<li class=\"bodytext\">det m\u00e5 innf\u00f8res en tilleggspensjon i AFP-ordningen: et livsvarig seniortillegg for de som gir seg tidlig helt eller delvis i arbeidslivet, for \u00e5 motvirke de store tap som tidlig avgang gir med dagens ordninger. Det er kun p\u00e5 denne m\u00e5ten at \u00absliterne\u00bb kan oppn\u00e5 en pensjon p\u00e5 2\/3 av l\u00f8nn.<\/li>\n<li class=\"bodytext\">det m\u00e5 bli mulig \u00e5 kombinere delvis uf\u00f8retrygd med delvis AFP.<\/li>\n<\/ul>\n<p class=\"bodytext\">LO m\u00e5 samle kreftene i et samordnet oppgj\u00f8r for \u00e5 sette makt bak disse kravene. Dette er en sak som gjelder alle i privat sektor, og utfallet er ogs\u00e5 viktig for kommende kamper i offentlig sektor.<\/p>\n<\/div>\n<\/div>\n","protected":false},"excerpt":{"rendered":"<p>Innf\u00f8ring av levealdersjustering og indeksering har f\u00f8rt til at de som er unge i dag m\u00e5 arbeide til de er godt over 70 \u00e5r om de skal ha h\u00e5p om \u00e5 f\u00e5 en pensjon \u00e5 leve av. Avtalefestet pensjon (AFP) har g\u00e5tt fra \u00e5 v\u00e6re en mulighet til \u00e5 g\u00e5 av tidligere for sliterne, til [&hellip;]<\/p>\n","protected":false},"author":1,"featured_media":1365,"comment_status":"open","ping_status":"open","sticky":false,"template":"","format":"standard","meta":{"footnotes":""},"categories":[14],"tags":[],"maler":[],"class_list":["post-1260","post","type-post","status-publish","format-standard","has-post-thumbnail","hentry","category-nyhet"],"acf":[],"yoast_head":"<!-- This site is optimized with the Yoast SEO plugin v27.4 - https:\/\/yoast.com\/product\/yoast-seo-wordpress\/ -->\n<title>Krav om samordnet tariffoppgj\u00f8r - EL og IT Tr\u00f8ndelag<\/title>\n<meta name=\"robots\" content=\"noindex, follow, max-snippet:-1, max-image-preview:large, max-video-preview:-1\" \/>\n<meta property=\"og:locale\" content=\"nb_NO\" \/>\n<meta property=\"og:type\" content=\"article\" \/>\n<meta property=\"og:title\" content=\"Krav om samordnet tariffoppgj\u00f8r - EL og IT Tr\u00f8ndelag\" \/>\n<meta property=\"og:description\" content=\"Innf\u00f8ring av levealdersjustering og indeksering har f\u00f8rt til at de som er unge i dag m\u00e5 arbeide til de er godt over 70 \u00e5r om de skal ha h\u00e5p om \u00e5 f\u00e5 en pensjon \u00e5 leve av. Avtalefestet pensjon (AFP) har g\u00e5tt fra \u00e5 v\u00e6re en mulighet til \u00e5 g\u00e5 av tidligere for sliterne, til [&hellip;]\" \/>\n<meta property=\"og:url\" content=\"https:\/\/info.elogit.no\/elogitt\/blog\/2022\/06\/21\/krav-om-samordnet-tariffoppgjor\/\" \/>\n<meta property=\"og:site_name\" content=\"EL og IT Tr\u00f8ndelag\" \/>\n<meta property=\"article:published_time\" content=\"2022-06-21T09:03:10+00:00\" \/>\n<meta property=\"article:modified_time\" content=\"2022-06-21T18:26:49+00:00\" \/>\n<meta property=\"og:image\" content=\"http:\/\/info.elogit.no\/elogitt\/wp-content\/uploads\/sites\/8\/2022\/06\/rettferdig.jpg\" \/>\n\t<meta property=\"og:image:width\" content=\"564\" \/>\n\t<meta property=\"og:image:height\" content=\"574\" \/>\n\t<meta property=\"og:image:type\" content=\"image\/jpeg\" \/>\n<meta name=\"author\" content=\"terje@kikkut.no\" \/>\n<meta name=\"twitter:card\" content=\"summary_large_image\" \/>\n<meta name=\"twitter:label1\" content=\"Skrevet av\" \/>\n\t<meta name=\"twitter:data1\" content=\"terje@kikkut.no\" \/>\n\t<meta name=\"twitter:label2\" content=\"Ansl. lesetid\" \/>\n\t<meta name=\"twitter:data2\" content=\"1 minutt\" \/>\n<script type=\"application\/ld+json\" class=\"yoast-schema-graph\">{\"@context\":\"https:\\\/\\\/schema.org\",\"@graph\":[{\"@type\":\"Article\",\"@id\":\"https:\\\/\\\/info.elogit.no\\\/elogitt\\\/blog\\\/2022\\\/06\\\/21\\\/krav-om-samordnet-tariffoppgjor\\\/#article\",\"isPartOf\":{\"@id\":\"https:\\\/\\\/info.elogit.no\\\/elogitt\\\/blog\\\/2022\\\/06\\\/21\\\/krav-om-samordnet-tariffoppgjor\\\/\"},\"author\":{\"name\":\"terje@kikkut.no\",\"@id\":\"https:\\\/\\\/info.elogit.no\\\/elogitt\\\/#\\\/schema\\\/person\\\/b2b9d5f59575edee90754d4e56dbcdb2\"},\"headline\":\"Krav om samordnet tariffoppgj\u00f8r\",\"datePublished\":\"2022-06-21T09:03:10+00:00\",\"dateModified\":\"2022-06-21T18:26:49+00:00\",\"mainEntityOfPage\":{\"@id\":\"https:\\\/\\\/info.elogit.no\\\/elogitt\\\/blog\\\/2022\\\/06\\\/21\\\/krav-om-samordnet-tariffoppgjor\\\/\"},\"wordCount\":283,\"commentCount\":0,\"publisher\":{\"@id\":\"https:\\\/\\\/info.elogit.no\\\/elogitt\\\/#organization\"},\"image\":{\"@id\":\"https:\\\/\\\/info.elogit.no\\\/elogitt\\\/blog\\\/2022\\\/06\\\/21\\\/krav-om-samordnet-tariffoppgjor\\\/#primaryimage\"},\"thumbnailUrl\":\"https:\\\/\\\/info.elogit.no\\\/elogitt\\\/wp-content\\\/uploads\\\/sites\\\/8\\\/2022\\\/06\\\/rettferdig.jpg\",\"articleSection\":[\"Nyhet\"],\"inLanguage\":\"nb-NO\",\"potentialAction\":[{\"@type\":\"CommentAction\",\"name\":\"Comment\",\"target\":[\"https:\\\/\\\/info.elogit.no\\\/elogitt\\\/blog\\\/2022\\\/06\\\/21\\\/krav-om-samordnet-tariffoppgjor\\\/#respond\"]}]},{\"@type\":\"WebPage\",\"@id\":\"https:\\\/\\\/info.elogit.no\\\/elogitt\\\/blog\\\/2022\\\/06\\\/21\\\/krav-om-samordnet-tariffoppgjor\\\/\",\"url\":\"https:\\\/\\\/info.elogit.no\\\/elogitt\\\/blog\\\/2022\\\/06\\\/21\\\/krav-om-samordnet-tariffoppgjor\\\/\",\"name\":\"Krav om samordnet tariffoppgj\u00f8r - EL og IT Tr\u00f8ndelag\",\"isPartOf\":{\"@id\":\"https:\\\/\\\/info.elogit.no\\\/elogitt\\\/#website\"},\"primaryImageOfPage\":{\"@id\":\"https:\\\/\\\/info.elogit.no\\\/elogitt\\\/blog\\\/2022\\\/06\\\/21\\\/krav-om-samordnet-tariffoppgjor\\\/#primaryimage\"},\"image\":{\"@id\":\"https:\\\/\\\/info.elogit.no\\\/elogitt\\\/blog\\\/2022\\\/06\\\/21\\\/krav-om-samordnet-tariffoppgjor\\\/#primaryimage\"},\"thumbnailUrl\":\"https:\\\/\\\/info.elogit.no\\\/elogitt\\\/wp-content\\\/uploads\\\/sites\\\/8\\\/2022\\\/06\\\/rettferdig.jpg\",\"datePublished\":\"2022-06-21T09:03:10+00:00\",\"dateModified\":\"2022-06-21T18:26:49+00:00\",\"breadcrumb\":{\"@id\":\"https:\\\/\\\/info.elogit.no\\\/elogitt\\\/blog\\\/2022\\\/06\\\/21\\\/krav-om-samordnet-tariffoppgjor\\\/#breadcrumb\"},\"inLanguage\":\"nb-NO\",\"potentialAction\":[{\"@type\":\"ReadAction\",\"target\":[\"https:\\\/\\\/info.elogit.no\\\/elogitt\\\/blog\\\/2022\\\/06\\\/21\\\/krav-om-samordnet-tariffoppgjor\\\/\"]}]},{\"@type\":\"ImageObject\",\"inLanguage\":\"nb-NO\",\"@id\":\"https:\\\/\\\/info.elogit.no\\\/elogitt\\\/blog\\\/2022\\\/06\\\/21\\\/krav-om-samordnet-tariffoppgjor\\\/#primaryimage\",\"url\":\"https:\\\/\\\/info.elogit.no\\\/elogitt\\\/wp-content\\\/uploads\\\/sites\\\/8\\\/2022\\\/06\\\/rettferdig.jpg\",\"contentUrl\":\"https:\\\/\\\/info.elogit.no\\\/elogitt\\\/wp-content\\\/uploads\\\/sites\\\/8\\\/2022\\\/06\\\/rettferdig.jpg\",\"width\":564,\"height\":574},{\"@type\":\"BreadcrumbList\",\"@id\":\"https:\\\/\\\/info.elogit.no\\\/elogitt\\\/blog\\\/2022\\\/06\\\/21\\\/krav-om-samordnet-tariffoppgjor\\\/#breadcrumb\",\"itemListElement\":[{\"@type\":\"ListItem\",\"position\":1,\"name\":\"Hjem\",\"item\":\"https:\\\/\\\/info.elogit.no\\\/elogitt\\\/\"},{\"@type\":\"ListItem\",\"position\":2,\"name\":\"Krav om samordnet tariffoppgj\u00f8r\"}]},{\"@type\":\"WebSite\",\"@id\":\"https:\\\/\\\/info.elogit.no\\\/elogitt\\\/#website\",\"url\":\"https:\\\/\\\/info.elogit.no\\\/elogitt\\\/\",\"name\":\"EL og IT Tr\u00f8ndelag\",\"description\":\"Bare enda et WordPress-nettsted\",\"publisher\":{\"@id\":\"https:\\\/\\\/info.elogit.no\\\/elogitt\\\/#organization\"},\"potentialAction\":[{\"@type\":\"SearchAction\",\"target\":{\"@type\":\"EntryPoint\",\"urlTemplate\":\"https:\\\/\\\/info.elogit.no\\\/elogitt\\\/?s={search_term_string}\"},\"query-input\":{\"@type\":\"PropertyValueSpecification\",\"valueRequired\":true,\"valueName\":\"search_term_string\"}}],\"inLanguage\":\"nb-NO\"},{\"@type\":\"Organization\",\"@id\":\"https:\\\/\\\/info.elogit.no\\\/elogitt\\\/#organization\",\"name\":\"EL og IT Tr\u00f8ndelag\",\"url\":\"https:\\\/\\\/info.elogit.no\\\/elogitt\\\/\",\"logo\":{\"@type\":\"ImageObject\",\"inLanguage\":\"nb-NO\",\"@id\":\"https:\\\/\\\/info.elogit.no\\\/elogitt\\\/#\\\/schema\\\/logo\\\/image\\\/\",\"url\":\"https:\\\/\\\/info.elogit.no\\\/elogitt\\\/wp-content\\\/uploads\\\/sites\\\/8\\\/2022\\\/06\\\/cropped-elogit.png\",\"contentUrl\":\"https:\\\/\\\/info.elogit.no\\\/elogitt\\\/wp-content\\\/uploads\\\/sites\\\/8\\\/2022\\\/06\\\/cropped-elogit.png\",\"width\":274,\"height\":79,\"caption\":\"EL og IT Tr\u00f8ndelag\"},\"image\":{\"@id\":\"https:\\\/\\\/info.elogit.no\\\/elogitt\\\/#\\\/schema\\\/logo\\\/image\\\/\"}},{\"@type\":\"Person\",\"@id\":\"https:\\\/\\\/info.elogit.no\\\/elogitt\\\/#\\\/schema\\\/person\\\/b2b9d5f59575edee90754d4e56dbcdb2\",\"name\":\"terje@kikkut.no\",\"image\":{\"@type\":\"ImageObject\",\"inLanguage\":\"nb-NO\",\"@id\":\"https:\\\/\\\/secure.gravatar.com\\\/avatar\\\/f1ff46480b38cabe44f8336af68ce27e8263286acecff9982b2c9de75dbf79d9?s=96&d=mm&r=g\",\"url\":\"https:\\\/\\\/secure.gravatar.com\\\/avatar\\\/f1ff46480b38cabe44f8336af68ce27e8263286acecff9982b2c9de75dbf79d9?s=96&d=mm&r=g\",\"contentUrl\":\"https:\\\/\\\/secure.gravatar.com\\\/avatar\\\/f1ff46480b38cabe44f8336af68ce27e8263286acecff9982b2c9de75dbf79d9?s=96&d=mm&r=g\",\"caption\":\"terje@kikkut.no\"},\"sameAs\":[\"http:\\\/\\\/355804-multisite.web.tornado-node.net\"],\"url\":\"https:\\\/\\\/info.elogit.no\\\/elogitt\\\/blog\\\/author\\\/terjekikkut-no\\\/\"}]}<\/script>\n<!-- \/ Yoast SEO plugin. -->","yoast_head_json":{"title":"Krav om samordnet tariffoppgj\u00f8r - EL og IT Tr\u00f8ndelag","robots":{"index":"noindex","follow":"follow","max-snippet":"max-snippet:-1","max-image-preview":"max-image-preview:large","max-video-preview":"max-video-preview:-1"},"og_locale":"nb_NO","og_type":"article","og_title":"Krav om samordnet tariffoppgj\u00f8r - EL og IT Tr\u00f8ndelag","og_description":"Innf\u00f8ring av levealdersjustering og indeksering har f\u00f8rt til at de som er unge i dag m\u00e5 arbeide til de er godt over 70 \u00e5r om de skal ha h\u00e5p om \u00e5 f\u00e5 en pensjon \u00e5 leve av. Avtalefestet pensjon (AFP) har g\u00e5tt fra \u00e5 v\u00e6re en mulighet til \u00e5 g\u00e5 av tidligere for sliterne, til [&hellip;]","og_url":"https:\/\/info.elogit.no\/elogitt\/blog\/2022\/06\/21\/krav-om-samordnet-tariffoppgjor\/","og_site_name":"EL og IT Tr\u00f8ndelag","article_published_time":"2022-06-21T09:03:10+00:00","article_modified_time":"2022-06-21T18:26:49+00:00","og_image":[{"width":564,"height":574,"url":"http:\/\/info.elogit.no\/elogitt\/wp-content\/uploads\/sites\/8\/2022\/06\/rettferdig.jpg","type":"image\/jpeg"}],"author":"terje@kikkut.no","twitter_card":"summary_large_image","twitter_misc":{"Skrevet av":"terje@kikkut.no","Ansl. lesetid":"1 minutt"},"schema":{"@context":"https:\/\/schema.org","@graph":[{"@type":"Article","@id":"https:\/\/info.elogit.no\/elogitt\/blog\/2022\/06\/21\/krav-om-samordnet-tariffoppgjor\/#article","isPartOf":{"@id":"https:\/\/info.elogit.no\/elogitt\/blog\/2022\/06\/21\/krav-om-samordnet-tariffoppgjor\/"},"author":{"name":"terje@kikkut.no","@id":"https:\/\/info.elogit.no\/elogitt\/#\/schema\/person\/b2b9d5f59575edee90754d4e56dbcdb2"},"headline":"Krav om samordnet tariffoppgj\u00f8r","datePublished":"2022-06-21T09:03:10+00:00","dateModified":"2022-06-21T18:26:49+00:00","mainEntityOfPage":{"@id":"https:\/\/info.elogit.no\/elogitt\/blog\/2022\/06\/21\/krav-om-samordnet-tariffoppgjor\/"},"wordCount":283,"commentCount":0,"publisher":{"@id":"https:\/\/info.elogit.no\/elogitt\/#organization"},"image":{"@id":"https:\/\/info.elogit.no\/elogitt\/blog\/2022\/06\/21\/krav-om-samordnet-tariffoppgjor\/#primaryimage"},"thumbnailUrl":"https:\/\/info.elogit.no\/elogitt\/wp-content\/uploads\/sites\/8\/2022\/06\/rettferdig.jpg","articleSection":["Nyhet"],"inLanguage":"nb-NO","potentialAction":[{"@type":"CommentAction","name":"Comment","target":["https:\/\/info.elogit.no\/elogitt\/blog\/2022\/06\/21\/krav-om-samordnet-tariffoppgjor\/#respond"]}]},{"@type":"WebPage","@id":"https:\/\/info.elogit.no\/elogitt\/blog\/2022\/06\/21\/krav-om-samordnet-tariffoppgjor\/","url":"https:\/\/info.elogit.no\/elogitt\/blog\/2022\/06\/21\/krav-om-samordnet-tariffoppgjor\/","name":"Krav om samordnet tariffoppgj\u00f8r - EL og IT Tr\u00f8ndelag","isPartOf":{"@id":"https:\/\/info.elogit.no\/elogitt\/#website"},"primaryImageOfPage":{"@id":"https:\/\/info.elogit.no\/elogitt\/blog\/2022\/06\/21\/krav-om-samordnet-tariffoppgjor\/#primaryimage"},"image":{"@id":"https:\/\/info.elogit.no\/elogitt\/blog\/2022\/06\/21\/krav-om-samordnet-tariffoppgjor\/#primaryimage"},"thumbnailUrl":"https:\/\/info.elogit.no\/elogitt\/wp-content\/uploads\/sites\/8\/2022\/06\/rettferdig.jpg","datePublished":"2022-06-21T09:03:10+00:00","dateModified":"2022-06-21T18:26:49+00:00","breadcrumb":{"@id":"https:\/\/info.elogit.no\/elogitt\/blog\/2022\/06\/21\/krav-om-samordnet-tariffoppgjor\/#breadcrumb"},"inLanguage":"nb-NO","potentialAction":[{"@type":"ReadAction","target":["https:\/\/info.elogit.no\/elogitt\/blog\/2022\/06\/21\/krav-om-samordnet-tariffoppgjor\/"]}]},{"@type":"ImageObject","inLanguage":"nb-NO","@id":"https:\/\/info.elogit.no\/elogitt\/blog\/2022\/06\/21\/krav-om-samordnet-tariffoppgjor\/#primaryimage","url":"https:\/\/info.elogit.no\/elogitt\/wp-content\/uploads\/sites\/8\/2022\/06\/rettferdig.jpg","contentUrl":"https:\/\/info.elogit.no\/elogitt\/wp-content\/uploads\/sites\/8\/2022\/06\/rettferdig.jpg","width":564,"height":574},{"@type":"BreadcrumbList","@id":"https:\/\/info.elogit.no\/elogitt\/blog\/2022\/06\/21\/krav-om-samordnet-tariffoppgjor\/#breadcrumb","itemListElement":[{"@type":"ListItem","position":1,"name":"Hjem","item":"https:\/\/info.elogit.no\/elogitt\/"},{"@type":"ListItem","position":2,"name":"Krav om samordnet tariffoppgj\u00f8r"}]},{"@type":"WebSite","@id":"https:\/\/info.elogit.no\/elogitt\/#website","url":"https:\/\/info.elogit.no\/elogitt\/","name":"EL og IT Tr\u00f8ndelag","description":"Bare enda et WordPress-nettsted","publisher":{"@id":"https:\/\/info.elogit.no\/elogitt\/#organization"},"potentialAction":[{"@type":"SearchAction","target":{"@type":"EntryPoint","urlTemplate":"https:\/\/info.elogit.no\/elogitt\/?s={search_term_string}"},"query-input":{"@type":"PropertyValueSpecification","valueRequired":true,"valueName":"search_term_string"}}],"inLanguage":"nb-NO"},{"@type":"Organization","@id":"https:\/\/info.elogit.no\/elogitt\/#organization","name":"EL og IT Tr\u00f8ndelag","url":"https:\/\/info.elogit.no\/elogitt\/","logo":{"@type":"ImageObject","inLanguage":"nb-NO","@id":"https:\/\/info.elogit.no\/elogitt\/#\/schema\/logo\/image\/","url":"https:\/\/info.elogit.no\/elogitt\/wp-content\/uploads\/sites\/8\/2022\/06\/cropped-elogit.png","contentUrl":"https:\/\/info.elogit.no\/elogitt\/wp-content\/uploads\/sites\/8\/2022\/06\/cropped-elogit.png","width":274,"height":79,"caption":"EL og IT Tr\u00f8ndelag"},"image":{"@id":"https:\/\/info.elogit.no\/elogitt\/#\/schema\/logo\/image\/"}},{"@type":"Person","@id":"https:\/\/info.elogit.no\/elogitt\/#\/schema\/person\/b2b9d5f59575edee90754d4e56dbcdb2","name":"terje@kikkut.no","image":{"@type":"ImageObject","inLanguage":"nb-NO","@id":"https:\/\/secure.gravatar.com\/avatar\/f1ff46480b38cabe44f8336af68ce27e8263286acecff9982b2c9de75dbf79d9?s=96&d=mm&r=g","url":"https:\/\/secure.gravatar.com\/avatar\/f1ff46480b38cabe44f8336af68ce27e8263286acecff9982b2c9de75dbf79d9?s=96&d=mm&r=g","contentUrl":"https:\/\/secure.gravatar.com\/avatar\/f1ff46480b38cabe44f8336af68ce27e8263286acecff9982b2c9de75dbf79d9?s=96&d=mm&r=g","caption":"terje@kikkut.no"},"sameAs":["http:\/\/355804-multisite.web.tornado-node.net"],"url":"https:\/\/info.elogit.no\/elogitt\/blog\/author\/terjekikkut-no\/"}]}},"_links":{"self":[{"href":"https:\/\/info.elogit.no\/elogitt\/wp-json\/wp\/v2\/posts\/1260","targetHints":{"allow":["GET"]}}],"collection":[{"href":"https:\/\/info.elogit.no\/elogitt\/wp-json\/wp\/v2\/posts"}],"about":[{"href":"https:\/\/info.elogit.no\/elogitt\/wp-json\/wp\/v2\/types\/post"}],"author":[{"embeddable":true,"href":"https:\/\/info.elogit.no\/elogitt\/wp-json\/wp\/v2\/users\/1"}],"replies":[{"embeddable":true,"href":"https:\/\/info.elogit.no\/elogitt\/wp-json\/wp\/v2\/comments?post=1260"}],"version-history":[{"count":1,"href":"https:\/\/info.elogit.no\/elogitt\/wp-json\/wp\/v2\/posts\/1260\/revisions"}],"predecessor-version":[{"id":1262,"href":"https:\/\/info.elogit.no\/elogitt\/wp-json\/wp\/v2\/posts\/1260\/revisions\/1262"}],"wp:featuredmedia":[{"embeddable":true,"href":"https:\/\/info.elogit.no\/elogitt\/wp-json\/wp\/v2\/media\/1365"}],"wp:attachment":[{"href":"https:\/\/info.elogit.no\/elogitt\/wp-json\/wp\/v2\/media?parent=1260"}],"wp:term":[{"taxonomy":"category","embeddable":true,"href":"https:\/\/info.elogit.no\/elogitt\/wp-json\/wp\/v2\/categories?post=1260"},{"taxonomy":"post_tag","embeddable":true,"href":"https:\/\/info.elogit.no\/elogitt\/wp-json\/wp\/v2\/tags?post=1260"},{"taxonomy":"maler","embeddable":true,"href":"https:\/\/info.elogit.no\/elogitt\/wp-json\/wp\/v2\/maler?post=1260"}],"curies":[{"name":"wp","href":"https:\/\/api.w.org\/{rel}","templated":true}]}}